{"id":5049,"date":"2019-02-25T21:30:43","date_gmt":"2019-02-25T19:30:43","guid":{"rendered":"http:\/\/doblevuit.com\/blog\/?p=5049"},"modified":"2023-11-12T12:14:48","modified_gmt":"2023-11-12T10:14:48","slug":"torrent-de-sesclop-o-des-boixos-per-sa-coma-des-voltor","status":"publish","type":"post","link":"https:\/\/doblevuit.com\/blog\/torrent-de-sesclop-o-des-boixos-per-sa-coma-des-voltor\/","title":{"rendered":"625. Torrent de s&#8217;Esclop o des Boixos, per sa Coma des Voltor."},"content":{"rendered":"\n<p>Circular: Si<br \/>Temps total empleat: 7,14 h<br \/>Recorregut total :&nbsp; 10,35 km<br \/>Desnivell positiu: 551 m<br \/>Altitud m\u00e0xima: 698 m <br \/>R\u00e0oel m\u00e1xim: 40 m. <br \/>Material utilitzat en total; Cordes 2&#215;40, 1x30m. <br \/><\/p>\n\n\n\n<p><\/p>\n\n\n\n<figure class=\"wp-block-image\"><img loading=\"lazy\" decoding=\"async\" width=\"50\" height=\"50\" src=\"http:\/\/doblevuit.com\/blog\/wp-content\/uploads\/2014\/05\/icono-rapel.jpg\" alt=\"\" class=\"wp-image-332\"\/><\/figure>\n\n\n\n<p>Data: 16.2.2019<\/p>\n\n\n\n<figure class=\"wp-block-image\"><img loading=\"lazy\" decoding=\"async\" width=\"1024\" height=\"769\" src=\"http:\/\/doblevuit.com\/blog\/wp-content\/uploads\/2019\/02\/53010641_1184825511677683_362010277845139456_o-1024x769.jpg\" alt=\"\" class=\"wp-image-5050\" srcset=\"https:\/\/doblevuit.com\/blog\/wp-content\/uploads\/2019\/02\/53010641_1184825511677683_362010277845139456_o-1024x769.jpg 1024w, https:\/\/doblevuit.com\/blog\/wp-content\/uploads\/2019\/02\/53010641_1184825511677683_362010277845139456_o-300x225.jpg 300w, https:\/\/doblevuit.com\/blog\/wp-content\/uploads\/2019\/02\/53010641_1184825511677683_362010277845139456_o-768x576.jpg 768w, https:\/\/doblevuit.com\/blog\/wp-content\/uploads\/2019\/02\/53010641_1184825511677683_362010277845139456_o-250x188.jpg 250w, https:\/\/doblevuit.com\/blog\/wp-content\/uploads\/2019\/02\/53010641_1184825511677683_362010277845139456_o.jpg 1483w\" sizes=\"auto, (max-width: 1024px) 100vw, 1024px\" \/><\/figure>\n\n\n\n<h2 class=\"wp-block-heading\">Torrent de s&#8217;Esclop. Per sa coma des Voltor<\/h2>\n\n\n\n<p>Ens dirigim al poble de <strong>Capdell\u00e0,<\/strong> en arribar a la cantonada amb l&#8217;esgl\u00e9sia, girem dreta pel carrer de l&#8217;Esgl\u00e9sia o Ctra Ma-1032, veurem pal indicador de la finca p\u00fablica des <strong>Galatz\u00f3<\/strong>. Continuem per la carretera fins al quil\u00f2metre 2,250, on abandonem la ctra ( esquerra) i agafem la pista de la finca, que transcorre paral\u2022lel al <strong>torrent de na Corba<\/strong>. Arribarem a la barrera de l&#8217;entrada de la finca, de 1.979 quarterades,  l&#8217;obrim per poder passar i le tanquem, continuem fins a l&#8217;aparcament de les <strong>cases de Ca l&#8217;Amo en Biel<\/strong>. On ens trobem amb els altres companys. Ara continuem caminant per la pista\/<strong>GR-221 <\/strong>fins a les cases de <strong>Galatz\u00f3<\/strong> . Com avui trobem les portes ofertes, aprofitem per visitar-les; l&#8217;impressionant tafona i la senzilla capella amb el seu petit vitrall, que encara te el nom gravat del darrer propietari, un  basc, D.Victorio Luzuriaga Iradi. La possessi\u00f3 va ser una alqueria isl\u00e0mica. Durant l&#8217;Edat Mitjana, Moderna i Contempor\u00e0nia, la Finca va estar en mans de diverses fam\u00edlies nobles, entre les quals cal destacar als Vivot i els Formiguera, amb les fant\u00e0stiques llegendes del Comte Mal.<br \/><\/p>\n\n\n\n<p>Continuem durant 8&#8242; por la GR-221 que va a <strong>Ses S\u00ednies i a s&#8217;Esclop<\/strong>, fins a arribar a l&#8217;altura del <strong>Puig des Senyor<\/strong>, 281 m on veurem un portell que no travessarem, sin\u00f3 que sortirem de la pista fent un gir de 180\u00ba .<br \/><\/p>\n\n\n\n<p>Caminem per un antic i poc definit cam\u00ed que al comen\u00e7ament envolta el <strong>Puig Batiat, 644 m <\/strong>on prenem direcci\u00f3 S. Als 5\/6&#8242; arribem al t\u00e0lveg del <strong>torrent de sa Pedrera<\/strong>, continuem per ell per despr\u00e9s abandonar-lo per la dreta en lleugera pujada. Anirem trobant restes d&#8217;aquest antic cam\u00ed i la seva paret seca, amb alguna fita i fletxeta vermella. Continuem ascendint fins a arribar a un petit colladet que passa pel mig de roques i garballons. Aqu\u00ed la panor\u00e0mica canvia i se&#8217;ns obri un circ ple de carritxeres amb el t\u00e0lveg del torrent a la nostra esquerra, ara sense perdre massa altitud continuem per la dreta per donar la volta al circ i passar a l&#8217;altre costat. A la dreta podem veure la sortida esportiva del torrent de sa <strong>Coma des Voltor<\/strong>, que queda pendent per un altre dia. Continuem ascendint pel mig de grans roques<br \/><\/p>\n\n\n\n<p>A continuaci\u00f3 arribem a una rosseguera amb forta pujada, que \u00e9s millor superar per la seva esquerra. A mesura que seguim ascendint, el terreny es va fent m\u00e9s \u00abplaner\u00bb, fins que arriben a la \u00abcap\u00e7alera\u00bb del torrent des Comellar des Voltor, pasarem per una zona que va petir un incendi que encara queden enormes troncs de pins.<br \/><\/p>\n\n\n\n<p>Prenem NE per anar a localitzar una paret de parti\u00f3, que creuem. Ara es tracta de continuar per localitzar el t\u00e0lveg del <strong>torrent de s&#8217;Esclop o des Boixos.<\/strong> Arribarem a la part superior de la conca de recepci\u00f3 del torrent, aix\u00ed que ara toca descendir per on millor veiem, a vegades desgrimpant, fins arribar al mateix t\u00e0lveg.<br \/><\/p>\n\n\n\n<p>El t\u00e0lveg t\u00e9 gran concentraci\u00f3 de boixos <em>Buxo-Genistetum balearicae <\/em>(castell\u00e0 Boj) malgrat \u00e9s un arbust que normalment no sobrepassa el 3 m. aqu\u00ed sa veu que sa donen les condicions \u00f2ptimes perqu\u00e8 hi ha exemplars enormes.<br \/><\/p>\n\n\n\n<p>En arribar a un gran p\u00ed, feim una aturada per menjar alguna coseta i posar-nos l&#8217;arn\u00e9s. Tot seguit iniciem el descens amb petits salts desgrimpables.<br \/> El primer salt important  que ens trobem es compon de dues parts, la primera s&#8217;inicia amb un passam\u00e0 on al final posarem la primera corda per rapelar el primer salt de 25 m. fins a dues plaques m\u00e9s abaix i a la nostra dreta per rapelar el seg\u00fcent salt de 38 m.<br \/><\/p>\n\n\n\n<p>Despr\u00e9s ve el tram central molt obert i tot desgrimpable fins que arribem a la part final on ens trobem amb dos salts, encara que sembla un sol salt de 80 m. la qual cosa impressiona, el primer r\u00e0pel de 40 m. ens deixa en una olla on cabem tots i podem recuper la corda amb facilitat. El segon salt t\u00e9 les plaques en el s\u00f2l pel qual la sortida no \u00e9s c\u00f2moda i cal prestar m\u00e9s atenci\u00f3, el r\u00e0pel \u00e9s un altre de 40 m, finalment ve un altre \u00absalt\u00bb de 4 m. desgrimpable pel mig.<br \/><\/p>\n\n\n\n<p>Una vegada descendit aquest fant\u00e0stic salt i fer-nos la foto de rigor, ens dirigim pel t\u00e0lveg fins al <strong>pou de ses S\u00ednies del s. XV<\/strong>, En arribar al <strong>GR-221<\/strong>, prenem dreta fins arribar a les <strong>cases de Galatz\u00f3<\/strong> i a l&#8217;aparcament.<\/p>\n\n\n\n<p>Avui la companyia ha estat de luxe amb nous companys. Finalment acabem tots prenet unes chandis a Calvi\u00e0 i celebrant el meu aniversari.<\/p>\n\n\n\n<div class=\"wp-block-image\"><figure class=\"alignleft\"><a href=\"https:\/\/www.flickr.com\/photos\/doblevuit_grup_de_muntanyisme\/albums\/72157703620193862\"><img loading=\"lazy\" decoding=\"async\" width=\"75\" height=\"75\" src=\"http:\/\/doblevuit.com\/blog\/wp-content\/uploads\/2014\/03\/flickr75.png\" alt=\"veure fotos\" class=\"wp-image-305\"\/><\/a><figcaption>fotos<\/figcaption><\/figure><\/div>\n\n\n\n<div class=\"wp-block-image\"><figure class=\"alignleft\"><a href=\"aqui el track\"><img loading=\"lazy\" decoding=\"async\" width=\"75\" height=\"75\" src=\"http:\/\/doblevuit.com\/blog\/wp-content\/uploads\/2014\/03\/wikiloc75.png\" alt=\"wikiloc\" class=\"wp-image-306\"\/><\/a><a href=\"https:\/\/youtu.be\/c0D9bejRJmw\"><img loading=\"lazy\" decoding=\"async\" class=\"alignleft size-full wp-image-304\" src=\"http:\/\/doblevuit.com\/blog\/wp-content\/uploads\/2014\/03\/youtube75.png\" alt=\"youtube75\" width=\"75\" height=\"75\"\/><\/a><figcaption>Trakc<\/figcaption><\/figure><\/div>\n\n\n\n<ul class=\"wp-block-gallery columns-0 is-cropped wp-block-gallery-1 is-layout-flex wp-block-gallery-is-layout-flex\"><\/ul>\n\n\n\n<pre class=\"wp-block-code\"><code><\/code><\/pre>\n\n\n\n<pre class=\"wp-block-code\"><code><\/code><\/pre>\n","protected":false},"excerpt":{"rendered":"<p>arribem a la part final on ens trobem amb dos salts, encara que sembla un sol salt de 80 m. la qual cosa impressiona, el primer r\u00e0pel de 40 m. ens deixa en una olla on cabem tots i podem recuper la corda amb facilitat. El segon salt t\u00e9 les plaques en el s\u00f2l pel qual la sortida no \u00e9s c\u00f2moda i cal prestar m\u00e9s atenci\u00f3, el r\u00e0pel \u00e9s un altre de 40 m, finalment ve un altre \u00absalt\u00bb de 4 m. desgrimpable pel mig.<\/p>\n<p><a class=\"excerpt-more\" href=\"https:\/\/doblevuit.com\/blog\/torrent-de-sesclop-o-des-boixos-per-sa-coma-des-voltor\/\">Read More...<\/a><\/p>","protected":false},"author":1,"featured_media":0,"comment_status":"open","ping_status":"open","sticky":false,"template":"","format":"standard","meta":{"footnotes":""},"categories":[1079,1076],"tags":[1127,1130,1126,1129,1124],"class_list":["post-5049","post","type-post","status-publish","format-standard","hentry","category-barrancs-i-torrents-rutes-2019","category-rutes-2019","tag-cases-de-galatzo","tag-cases-de-lamo-en-biel","tag-coma-des-voltor","tag-puig-batiat","tag-torrent-de-sesclop-o-des-boixos"],"_links":{"self":[{"href":"https:\/\/doblevuit.com\/blog\/wp-json\/wp\/v2\/posts\/5049","targetHints":{"allow":["GET"]}}],"collection":[{"href":"https:\/\/doblevuit.com\/blog\/wp-json\/wp\/v2\/posts"}],"about":[{"href":"https:\/\/doblevuit.com\/blog\/wp-json\/wp\/v2\/types\/post"}],"author":[{"embeddable":true,"href":"https:\/\/doblevuit.com\/blog\/wp-json\/wp\/v2\/users\/1"}],"replies":[{"embeddable":true,"href":"https:\/\/doblevuit.com\/blog\/wp-json\/wp\/v2\/comments?post=5049"}],"version-history":[{"count":4,"href":"https:\/\/doblevuit.com\/blog\/wp-json\/wp\/v2\/posts\/5049\/revisions"}],"predecessor-version":[{"id":7794,"href":"https:\/\/doblevuit.com\/blog\/wp-json\/wp\/v2\/posts\/5049\/revisions\/7794"}],"wp:attachment":[{"href":"https:\/\/doblevuit.com\/blog\/wp-json\/wp\/v2\/media?parent=5049"}],"wp:term":[{"taxonomy":"category","embeddable":true,"href":"https:\/\/doblevuit.com\/blog\/wp-json\/wp\/v2\/categories?post=5049"},{"taxonomy":"post_tag","embeddable":true,"href":"https:\/\/doblevuit.com\/blog\/wp-json\/wp\/v2\/tags?post=5049"}],"curies":[{"name":"wp","href":"https:\/\/api.w.org\/{rel}","templated":true}]}}